[{"@context":"https:\/\/schema.org\/","@type":"Article","@id":"https:\/\/www.mikulas.at\/wenn-du-deine-haare-und-deine-wimpern-veranderst\/#Article","mainEntityOfPage":"https:\/\/www.mikulas.at\/wenn-du-deine-haare-und-deine-wimpern-veranderst\/","headline":"Wenn du deine Haare und deine Wimpern ver\u00e4nderst,","name":"Wenn du deine Haare und deine Wimpern ver\u00e4nderst,","description":"\u00e4ndere, ist Sch\u00f6nheit wirklich sch\u00f6n, denn wenn man sch\u00f6n sein will, muss man nat\u00fcrlich immer etwas f\u00fcr sich selbst tun. Ich gebe sogar zu, dass ich schon Wimpernverl\u00e4ngerungen und Haarverl\u00e4ngerungen hatte. Und um ehrlich zu sein, hat mich das wirklich sehr ver\u00e4ndert. Ich hatte schon immer kurze Haare, aber die Entscheidung, diese gro\u00dfe Ver\u00e4nderung zu [&hellip;]","datePublished":"2023-11-27","dateModified":"2023-11-27","author":{"@type":"Person","@id":"https:\/\/www.mikulas.at\/author\/#Person","name":"","url":"https:\/\/www.mikulas.at\/author\/","identifier":1,"image":{"@type":"ImageObject","@id":"https:\/\/secure.gravatar.com\/avatar\/d693d76da4b3c2905ed32515295d3c5b2b37600a891f276917d3d592948bcc60?s=96&d=mm&r=g","url":"https:\/\/secure.gravatar.com\/avatar\/d693d76da4b3c2905ed32515295d3c5b2b37600a891f276917d3d592948bcc60?s=96&d=mm&r=g","height":96,"width":96}},"publisher":{"@type":"Organization","name":"mikulas.at","logo":{"@type":"ImageObject","@id":"\/logo.png","url":"\/logo.png","width":600,"height":60}},"image":{"@type":"ImageObject","@id":"https:\/\/www.mikulas.at\/wp-content\/uploads\/woman-1466628_1280_4.jpg","url":"https:\/\/www.mikulas.at\/wp-content\/uploads\/woman-1466628_1280_4.jpg","height":0,"width":0},"url":"https:\/\/www.mikulas.at\/wenn-du-deine-haare-und-deine-wimpern-veranderst\/","about":["Sch\u00f6nheit"],"wordCount":276,"articleBody":"\u00e4ndere, ist Sch\u00f6nheit wirklich sch\u00f6n, denn wenn man sch\u00f6n sein will, muss man nat\u00fcrlich immer etwas f\u00fcr sich selbst tun. Ich gebe sogar zu, dass ich schon Wimpernverl\u00e4ngerungen und Haarverl\u00e4ngerungen hatte. Und um ehrlich zu sein, hat mich das wirklich sehr ver\u00e4ndert. Ich hatte schon immer kurze Haare, aber die Entscheidung, diese gro\u00dfe Ver\u00e4nderung zu machen, hat mich wirklich, im wahrsten Sinne des Wortes, ver\u00e4ndert. Nat\u00fcrlich kann allein die Tatsache, dass man Wimpern und Extensions hat, eine Menge Leute ver\u00e4ndern. Jetzt ziehst du dich schick an und du siehst einfach &#8230;Das ist total wichtig. Und um ehrlich zu sein, bin ich sehr gl\u00fccklich \u00fcber die Ver\u00e4nderung. Mit mehr Haaren sehe ich jetzt viel h\u00fcbscher aus. Und ich habe mich nicht mehr wie ich selbst gef\u00fchlt. Aber wenn meine Haare l\u00e4nger werden, macht mich das f\u00fcr die Menschen viel attraktiver. Es ver\u00e4ndert einen v\u00f6llig, man wird heller und sieht schon von weitem strahlend aus. Manche Leute sind wirklich dagegen, dass ich mir die Haare l\u00e4nger wachsen lasse, aber um ehrlich zu sein, geht es vielen M\u00e4dchen wirklich so, und sie wollen wirklich ihre Extensions ver\u00e4ndern.Und ich glaube, alle anderen M\u00e4dchen tragen wirklich Extensions. M\u00e4dchen wollen gemocht werden, Jungs wollen sie m\u00f6gen, sie wollen in Discos gehen, sie wollen sich perfekt f\u00fchlen. Wir k\u00f6nnen einen netteren Eindruck machen, wir k\u00f6nnen selbstbewusster mit den Menschen um uns herum umgehen. Unsere Seelen sind immer sch\u00f6n, aber nat\u00fcrlich wollen wir auch pers\u00f6nlich sch\u00f6n sein.                                                                                                                                                                                                                                                                                                                                                                                        4.2\/5 - (16 votes)        "},{"@context":"https:\/\/schema.org\/","@type":"BreadcrumbList","itemListElement":[{"@type":"ListItem","position":1,"name":"Wenn du deine Haare und deine Wimpern ver\u00e4nderst,","item":"https:\/\/www.mikulas.at\/wenn-du-deine-haare-und-deine-wimpern-veranderst\/#breadcrumbitem"}]}]