[{"@context":"https:\/\/schema.org\/","@type":"Blog","@id":"https:\/\/www.mikulas.at#Blog","headline":"Mikulas","description":"\nBrauchen Sie, dass die ganze Welt von Ihnen erf\u00e4hrt? Wenn ja, vergessen Sie die Werbung nicht. Und wenn Sie dabei erfolgreich sein wollen, vergessen Sie nicht unsere Website.","url":"https:\/\/www.mikulas.at","hasPart":[{"@type":"Article","@id":"https:\/\/www.mikulas.at\/theocracy\/","headline":"Theocracy","url":"https:\/\/www.mikulas.at\/theocracy\/","datePublished":"2023-08-31","dateModified":"2023-08-31","mainEntityOfPage":"https:\/\/www.mikulas.at\/theocracy\/","author":{"@type":"Person","@id":"https:\/\/www.mikulas.at\/author\/#Person","name":"","url":"https:\/\/www.mikulas.at\/author\/","identifier":1,"image":{"@type":"ImageObject","@id":"https:\/\/secure.gravatar.com\/avatar\/d693d76da4b3c2905ed32515295d3c5b2b37600a891f276917d3d592948bcc60?s=96&d=mm&r=g","url":"https:\/\/secure.gravatar.com\/avatar\/d693d76da4b3c2905ed32515295d3c5b2b37600a891f276917d3d592948bcc60?s=96&d=mm&r=g","height":96,"width":96}},"publisher":{"@type":"Organization","name":"mikulas.at","logo":{"@type":"ImageObject","@id":"\/logo.png","url":"\/logo.png","width":600,"height":60}},"image":{"@type":"ImageObject","@id":"https:\/\/www.mikulas.at\/wp-content\/uploads\/img_a355290_w3799_t1569673509.jpg","url":"https:\/\/www.mikulas.at\/wp-content\/uploads\/img_a355290_w3799_t1569673509.jpg","height":0,"width":0},"wordCount":398,"keywords":null},{"@type":"Article","@id":"https:\/\/www.mikulas.at\/how-to-teach-others-and-not-destroy-yourself\/","headline":"How to Teach Others and Not Destroy Yourself","url":"https:\/\/www.mikulas.at\/how-to-teach-others-and-not-destroy-yourself\/","datePublished":"2023-08-16","dateModified":"2023-08-16","mainEntityOfPage":"https:\/\/www.mikulas.at\/how-to-teach-others-and-not-destroy-yourself\/","author":{"@type":"Person","@id":"https:\/\/www.mikulas.at\/author\/#Person","name":"","url":"https:\/\/www.mikulas.at\/author\/","identifier":1,"image":{"@type":"ImageObject","@id":"https:\/\/secure.gravatar.com\/avatar\/d693d76da4b3c2905ed32515295d3c5b2b37600a891f276917d3d592948bcc60?s=96&d=mm&r=g","url":"https:\/\/secure.gravatar.com\/avatar\/d693d76da4b3c2905ed32515295d3c5b2b37600a891f276917d3d592948bcc60?s=96&d=mm&r=g","height":96,"width":96}},"publisher":{"@type":"Organization","name":"mikulas.at","logo":{"@type":"ImageObject","@id":"\/logo.png","url":"\/logo.png","width":600,"height":60}},"image":{"@type":"ImageObject","@id":"https:\/\/www.mikulas.at\/wp-content\/uploads\/img_a310543_w1956_t1521479872.jpg","url":"https:\/\/www.mikulas.at\/wp-content\/uploads\/img_a310543_w1956_t1521479872.jpg","height":0,"width":0},"wordCount":420,"keywords":null},{"@type":"Article","@id":"https:\/\/www.mikulas.at\/a-tecnologia-e-os-tempos\/","headline":"A tecnologia e os tempos","url":"https:\/\/www.mikulas.at\/a-tecnologia-e-os-tempos\/","datePublished":"2023-08-13","dateModified":"2023-08-13","mainEntityOfPage":"https:\/\/www.mikulas.at\/a-tecnologia-e-os-tempos\/","author":{"@type":"Person","@id":"https:\/\/www.mikulas.at\/author\/#Person","name":"","url":"https:\/\/www.mikulas.at\/author\/","identifier":1,"image":{"@type":"ImageObject","@id":"https:\/\/secure.gravatar.com\/avatar\/d693d76da4b3c2905ed32515295d3c5b2b37600a891f276917d3d592948bcc60?s=96&d=mm&r=g","url":"https:\/\/secure.gravatar.com\/avatar\/d693d76da4b3c2905ed32515295d3c5b2b37600a891f276917d3d592948bcc60?s=96&d=mm&r=g","height":96,"width":96}},"publisher":{"@type":"Organization","name":"mikulas.at","logo":{"@type":"ImageObject","@id":"\/logo.png","url":"\/logo.png","width":600,"height":60}},"image":{"@type":"ImageObject","@id":"https:\/\/www.mikulas.at\/wp-content\/uploads\/pokemon-1553989_960_720_1.jpg","url":"https:\/\/www.mikulas.at\/wp-content\/uploads\/pokemon-1553989_960_720_1.jpg","height":0,"width":0},"wordCount":440,"keywords":null},{"@type":"Article","@id":"https:\/\/www.mikulas.at\/ist-ein-einfamilienhaus-wirklich-immer-die-beste-art-von-zuhause\/","headline":"Ist ein Einfamilienhaus wirklich immer die beste Art von Zuhause?","url":"https:\/\/www.mikulas.at\/ist-ein-einfamilienhaus-wirklich-immer-die-beste-art-von-zuhause\/","datePublished":"2023-07-30","dateModified":"2023-07-30","mainEntityOfPage":"https:\/\/www.mikulas.at\/ist-ein-einfamilienhaus-wirklich-immer-die-beste-art-von-zuhause\/","author":{"@type":"Person","@id":"https:\/\/www.mikulas.at\/author\/#Person","name":"","url":"https:\/\/www.mikulas.at\/author\/","identifier":1,"image":{"@type":"ImageObject","@id":"https:\/\/secure.gravatar.com\/avatar\/d693d76da4b3c2905ed32515295d3c5b2b37600a891f276917d3d592948bcc60?s=96&d=mm&r=g","url":"https:\/\/secure.gravatar.com\/avatar\/d693d76da4b3c2905ed32515295d3c5b2b37600a891f276917d3d592948bcc60?s=96&d=mm&r=g","height":96,"width":96}},"publisher":{"@type":"Organization","name":"mikulas.at","logo":{"@type":"ImageObject","@id":"\/logo.png","url":"\/logo.png","width":600,"height":60}},"image":{"@type":"ImageObject","@id":"https:\/\/www.mikulas.at\/wp-content\/uploads\/bydliste2_4.jpg","url":"https:\/\/www.mikulas.at\/wp-content\/uploads\/bydliste2_4.jpg","height":0,"width":0},"wordCount":494,"keywords":null},{"@type":"Article","@id":"https:\/\/www.mikulas.at\/hauspflege\/","headline":"Hauspflege","url":"https:\/\/www.mikulas.at\/hauspflege\/","datePublished":"2023-07-18","dateModified":"2023-07-18","mainEntityOfPage":"https:\/\/www.mikulas.at\/hauspflege\/","author":{"@type":"Person","@id":"https:\/\/www.mikulas.at\/author\/#Person","name":"","url":"https:\/\/www.mikulas.at\/author\/","identifier":1,"image":{"@type":"ImageObject","@id":"https:\/\/secure.gravatar.com\/avatar\/d693d76da4b3c2905ed32515295d3c5b2b37600a891f276917d3d592948bcc60?s=96&d=mm&r=g","url":"https:\/\/secure.gravatar.com\/avatar\/d693d76da4b3c2905ed32515295d3c5b2b37600a891f276917d3d592948bcc60?s=96&d=mm&r=g","height":96,"width":96}},"publisher":{"@type":"Organization","name":"mikulas.at","logo":{"@type":"ImageObject","@id":"\/logo.png","url":"\/logo.png","width":600,"height":60}},"image":{"@type":"ImageObject","@id":"https:\/\/www.mikulas.at\/wp-content\/uploads\/furniture-998265_1280%20(1).jpg_1..jpg","url":"https:\/\/www.mikulas.at\/wp-content\/uploads\/furniture-998265_1280%20(1).jpg_1..jpg","height":0,"width":0},"wordCount":523,"keywords":null},{"@type":"Article","@id":"https:\/\/www.mikulas.at\/schule-und-lernen\/","headline":"Schule und Lernen","url":"https:\/\/www.mikulas.at\/schule-und-lernen\/","datePublished":"2023-07-17","dateModified":"2023-07-17","mainEntityOfPage":"https:\/\/www.mikulas.at\/schule-und-lernen\/","author":{"@type":"Person","@id":"https:\/\/www.mikulas.at\/author\/#Person","name":"","url":"https:\/\/www.mikulas.at\/author\/","identifier":1,"image":{"@type":"ImageObject","@id":"https:\/\/secure.gravatar.com\/avatar\/d693d76da4b3c2905ed32515295d3c5b2b37600a891f276917d3d592948bcc60?s=96&d=mm&r=g","url":"https:\/\/secure.gravatar.com\/avatar\/d693d76da4b3c2905ed32515295d3c5b2b37600a891f276917d3d592948bcc60?s=96&d=mm&r=g","height":96,"width":96}},"publisher":{"@type":"Organization","name":"mikulas.at","logo":{"@type":"ImageObject","@id":"\/logo.png","url":"\/logo.png","width":600,"height":60}},"image":{"@type":"ImageObject","@id":"https:\/\/www.mikulas.at\/wp-content\/uploads\/book-1771073_960_720.jpg","url":"https:\/\/www.mikulas.at\/wp-content\/uploads\/book-1771073_960_720.jpg","height":0,"width":0},"wordCount":444,"keywords":null},{"@type":"Article","@id":"https:\/\/www.mikulas.at\/pulling-together-in-the-company\/","headline":"Pulling together in the Company","url":"https:\/\/www.mikulas.at\/pulling-together-in-the-company\/","datePublished":"2023-07-14","dateModified":"2023-07-14","mainEntityOfPage":"https:\/\/www.mikulas.at\/pulling-together-in-the-company\/","author":{"@type":"Person","@id":"https:\/\/www.mikulas.at\/author\/#Person","name":"","url":"https:\/\/www.mikulas.at\/author\/","identifier":1,"image":{"@type":"ImageObject","@id":"https:\/\/secure.gravatar.com\/avatar\/d693d76da4b3c2905ed32515295d3c5b2b37600a891f276917d3d592948bcc60?s=96&d=mm&r=g","url":"https:\/\/secure.gravatar.com\/avatar\/d693d76da4b3c2905ed32515295d3c5b2b37600a891f276917d3d592948bcc60?s=96&d=mm&r=g","height":96,"width":96}},"publisher":{"@type":"Organization","name":"mikulas.at","logo":{"@type":"ImageObject","@id":"\/logo.png","url":"\/logo.png","width":600,"height":60}},"image":{"@type":"ImageObject","@id":"https:\/\/www.mikulas.at\/wp-content\/uploads\/img_a345325_w2936_t1558984512.jpg","url":"https:\/\/www.mikulas.at\/wp-content\/uploads\/img_a345325_w2936_t1558984512.jpg","height":0,"width":0},"wordCount":458,"keywords":null},{"@type":"Article","@id":"https:\/\/www.mikulas.at\/excitacao-pela-casa-e-pelo-jardimpode\/","headline":"Excita\u00e7\u00e3o pela casa e pelo jardimPode","url":"https:\/\/www.mikulas.at\/excitacao-pela-casa-e-pelo-jardimpode\/","datePublished":"2023-07-13","dateModified":"2023-07-13","mainEntityOfPage":"https:\/\/www.mikulas.at\/excitacao-pela-casa-e-pelo-jardimpode\/","author":{"@type":"Person","@id":"https:\/\/www.mikulas.at\/author\/#Person","name":"","url":"https:\/\/www.mikulas.at\/author\/","identifier":1,"image":{"@type":"ImageObject","@id":"https:\/\/secure.gravatar.com\/avatar\/d693d76da4b3c2905ed32515295d3c5b2b37600a891f276917d3d592948bcc60?s=96&d=mm&r=g","url":"https:\/\/secure.gravatar.com\/avatar\/d693d76da4b3c2905ed32515295d3c5b2b37600a891f276917d3d592948bcc60?s=96&d=mm&r=g","height":96,"width":96}},"publisher":{"@type":"Organization","name":"mikulas.at","logo":{"@type":"ImageObject","@id":"\/logo.png","url":"\/logo.png","width":600,"height":60}},"image":{"@type":"ImageObject","@id":"https:\/\/www.mikulas.at\/wp-content\/uploads\/img_a332443_w1753_t1545240036.jpg_1..jpg","url":"https:\/\/www.mikulas.at\/wp-content\/uploads\/img_a332443_w1753_t1545240036.jpg_1..jpg","height":0,"width":0},"wordCount":542,"keywords":null},{"@type":"Article","@id":"https:\/\/www.mikulas.at\/sind-hautpflegeprodukte-nutzlich-fur-die-schonheit\/","headline":"Sind Hautpflegeprodukte n\u00fctzlich f\u00fcr die Sch\u00f6nheit?","url":"https:\/\/www.mikulas.at\/sind-hautpflegeprodukte-nutzlich-fur-die-schonheit\/","datePublished":"2023-07-12","dateModified":"2023-07-12","mainEntityOfPage":"https:\/\/www.mikulas.at\/sind-hautpflegeprodukte-nutzlich-fur-die-schonheit\/","author":{"@type":"Person","@id":"https:\/\/www.mikulas.at\/author\/#Person","name":"","url":"https:\/\/www.mikulas.at\/author\/","identifier":1,"image":{"@type":"ImageObject","@id":"https:\/\/secure.gravatar.com\/avatar\/d693d76da4b3c2905ed32515295d3c5b2b37600a891f276917d3d592948bcc60?s=96&d=mm&r=g","url":"https:\/\/secure.gravatar.com\/avatar\/d693d76da4b3c2905ed32515295d3c5b2b37600a891f276917d3d592948bcc60?s=96&d=mm&r=g","height":96,"width":96}},"publisher":{"@type":"Organization","name":"mikulas.at","logo":{"@type":"ImageObject","@id":"\/logo.png","url":"\/logo.png","width":600,"height":60}},"image":{"@type":"ImageObject","@id":"https:\/\/www.mikulas.at\/wp-content\/uploads\/sunblock-1461397_1280.jpg","url":"https:\/\/www.mikulas.at\/wp-content\/uploads\/sunblock-1461397_1280.jpg","height":0,"width":0},"wordCount":388,"keywords":null},{"@type":"Article","@id":"https:\/\/www.mikulas.at\/ziergarten-und-kleingartenfurein-schoner\/","headline":"Zierg\u00e4rten und Kleing\u00e4rtenF\u00fcrein sch\u00f6ner","url":"https:\/\/www.mikulas.at\/ziergarten-und-kleingartenfurein-schoner\/","datePublished":"2023-07-09","dateModified":"2023-07-09","mainEntityOfPage":"https:\/\/www.mikulas.at\/ziergarten-und-kleingartenfurein-schoner\/","author":{"@type":"Person","@id":"https:\/\/www.mikulas.at\/author\/#Person","name":"","url":"https:\/\/www.mikulas.at\/author\/","identifier":1,"image":{"@type":"ImageObject","@id":"https:\/\/secure.gravatar.com\/avatar\/d693d76da4b3c2905ed32515295d3c5b2b37600a891f276917d3d592948bcc60?s=96&d=mm&r=g","url":"https:\/\/secure.gravatar.com\/avatar\/d693d76da4b3c2905ed32515295d3c5b2b37600a891f276917d3d592948bcc60?s=96&d=mm&r=g","height":96,"width":96}},"publisher":{"@type":"Organization","name":"mikulas.at","logo":{"@type":"ImageObject","@id":"\/logo.png","url":"\/logo.png","width":600,"height":60}},"image":{"@type":"ImageObject","@id":"https:\/\/www.mikulas.at\/wp-content\/uploads\/img_a345090_w2017_t1558852488.jpg_1..jpg","url":"https:\/\/www.mikulas.at\/wp-content\/uploads\/img_a345090_w2017_t1558852488.jpg_1..jpg","height":0,"width":0},"wordCount":565,"keywords":null}]},{"@context":"https:\/\/schema.org","@type":"WebSite","@id":"https:\/\/www.mikulas.at\/#website","name":"Mikulas","url":"https:\/\/www.mikulas.at","potentialAction":{"@type":"SearchAction","target":"https:\/\/www.mikulas.at\/?s={search_term_string}","query-input":"required name=search_term_string"}}]