[{"@context":"https:\/\/schema.org\/","@type":"Article","@id":"https:\/\/www.mikulas.at\/casaco-de-cabedal\/#Article","mainEntityOfPage":"https:\/\/www.mikulas.at\/casaco-de-cabedal\/","headline":"Casaco de cabedal","name":"Casaco de cabedal","description":"Gosto muito de cabedal e de peles, por isso tenho muitos casacos e cal\u00e7as de cabedal em casa. At\u00e9 tenho um bon\u00e9 de cabedal. Mas, felizmente, tem buracos, como pequenos pontos, por isso n\u00e3o faz o meu cabelo suar, porque \u00e9 muito desconfort\u00e1vel quando se tem um chap\u00e9u ou outro arn\u00eas e a cabe\u00e7a transpira. [&hellip;]","datePublished":"2023-05-18","dateModified":"2023-05-18","author":{"@type":"Person","@id":"https:\/\/www.mikulas.at\/author\/#Person","name":"","url":"https:\/\/www.mikulas.at\/author\/","identifier":1,"image":{"@type":"ImageObject","@id":"https:\/\/secure.gravatar.com\/avatar\/d693d76da4b3c2905ed32515295d3c5b2b37600a891f276917d3d592948bcc60?s=96&d=mm&r=g","url":"https:\/\/secure.gravatar.com\/avatar\/d693d76da4b3c2905ed32515295d3c5b2b37600a891f276917d3d592948bcc60?s=96&d=mm&r=g","height":96,"width":96}},"publisher":{"@type":"Organization","name":"mikulas.at","logo":{"@type":"ImageObject","@id":"\/logo.png","url":"\/logo.png","width":600,"height":60}},"image":{"@type":"ImageObject","@id":"https:\/\/www.mikulas.at\/wp-content\/uploads\/leather-jacket-6773269_1280_1.jpg_2..jpg","url":"https:\/\/www.mikulas.at\/wp-content\/uploads\/leather-jacket-6773269_1280_1.jpg_2..jpg","height":0,"width":0},"url":"https:\/\/www.mikulas.at\/casaco-de-cabedal\/","wordCount":355,"articleBody":"Gosto muito de cabedal e de peles, por isso tenho muitos casacos e cal\u00e7as de cabedal em casa. At\u00e9 tenho um bon\u00e9 de cabedal. Mas, felizmente, tem buracos, como pequenos pontos, por isso n\u00e3o faz o meu cabelo suar, porque \u00e9 muito desconfort\u00e1vel quando se tem um chap\u00e9u ou outro arn\u00eas e a cabe\u00e7a transpira. E depois faz comich\u00e3o no couro cabeludo e tamb\u00e9m fica com o cabelo mole e eu pessoalmente n\u00e3o gosto de cabelo mole. Isso incomoda-me muito. Por isso, pensei que, se quisesse comprar um bon\u00e9 de cabedal, que adoro e que adoro, seria melhor se tivesse um bon\u00e9 que fosse realmente muito respir\u00e1vel, pois j\u00e1 ando na moda h\u00e1 muito tempo.E a minha m\u00e3e disse que ela disse que quando eu era pequena costumava vestir os vestidos e os sapatos da minha m\u00e3e, mas isso \u00e9 totalmente normal porque n\u00e3o conhe\u00e7o ningu\u00e9m que n\u00e3o se vista com os vestidos da m\u00e3e e coisas desse g\u00e9nero. Felizmente, o meu irm\u00e3o n\u00e3o fez isso, embora eu conhe\u00e7a alguns meninos que tamb\u00e9m se vestem com os sapatos da mam\u00e3. Tamb\u00e9m acho que isso \u00e9 \u00f3timo. Por isso, pensei que seria melhor se as pessoas descobrissem o que gostam ou qual \u00e9 a sua roupa favorita. Um fato. Eu gosto muito de cabedal preto, at\u00e9 comprei um blus\u00e3o de cabedal cor-de-rosa brilhante no ano passado. E custou-me sete mil coroas. Sim, foi muito caro e poupei para ele durante quase meio ano, mas estou muito contente por ter conseguido o que queria. Gosto mais de qualidade do que de quantidade. Estou muito contente por ter encontrado um casaco de cabedal cor-de-rosa t\u00e3o bonito, de edi\u00e7\u00e3o limitada. \u00c9 uma cor t\u00e3o bonita, t\u00e3o rica, t\u00e3o n\u00e9on. Toda a gente o adora e toda a gente se vira para mim, porque n\u00e3o se v\u00ea um casaco de cabedal cor-de-rosa brilhante e n\u00e9on como este em lado nenhum. E gosta de coisas em pele, especialmente casacos de pele?                                                                                                                                                                                                                                                                                                                                                                                        3\/5 - (2 votes)        "},{"@context":"https:\/\/schema.org\/","@type":"BreadcrumbList","itemListElement":[{"@type":"ListItem","position":1,"name":"Casaco de cabedal","item":"https:\/\/www.mikulas.at\/casaco-de-cabedal\/#breadcrumbitem"}]}]