{"@context":"https:\/\/schema.org\/","@type":"CollectionPage","@id":"https:\/\/www.mikulas.at\/ausbildung\/#CollectionPage","headline":"Ausbildung Category","description":"","url":"https:\/\/www.mikulas.at\/ausbildung\/","hasPart":[{"@type":"Article","@id":"https:\/\/www.mikulas.at\/trainerausbildung-fitness-als-fundament-fur-eine-erfolgreiche-karriere-im-coaching\/","headline":"Trainerausbildung Fitness als Fundament f\u00fcr eine erfolgreiche Karriere im Coaching","url":"https:\/\/www.mikulas.at\/trainerausbildung-fitness-als-fundament-fur-eine-erfolgreiche-karriere-im-coaching\/","datePublished":"2026-04-24","dateModified":"2026-04-24","mainEntityOfPage":"https:\/\/www.mikulas.at\/trainerausbildung-fitness-als-fundament-fur-eine-erfolgreiche-karriere-im-coaching\/","author":{"@type":"Person","@id":"https:\/\/www.mikulas.at\/author\/#Person","name":"","url":"https:\/\/www.mikulas.at\/author\/","identifier":1,"image":{"@type":"ImageObject","@id":"https:\/\/secure.gravatar.com\/avatar\/d693d76da4b3c2905ed32515295d3c5b2b37600a891f276917d3d592948bcc60?s=96&d=mm&r=g","url":"https:\/\/secure.gravatar.com\/avatar\/d693d76da4b3c2905ed32515295d3c5b2b37600a891f276917d3d592948bcc60?s=96&d=mm&r=g","height":96,"width":96}},"publisher":{"@type":"Organization","name":"mikulas.at","logo":{"@type":"ImageObject","@id":"\/logo.png","url":"\/logo.png","width":600,"height":60}},"image":{"@type":"ImageObject","@id":"https:\/\/www.mikulas.at\/wp-content\/uploads\/fitko_LMUVfF.jpg","url":"https:\/\/www.mikulas.at\/wp-content\/uploads\/fitko_LMUVfF.jpg","height":0,"width":0},"keywords":null},{"@type":"Article","@id":"https:\/\/www.mikulas.at\/mentaltrainer-ausbildung-wien-der-weg-zum-professionellen-trainer-fur-mentales-training\/","headline":"Mentaltrainer Ausbildung Wien: Der Weg zum professionellen Trainer f\u00fcr mentales Training","url":"https:\/\/www.mikulas.at\/mentaltrainer-ausbildung-wien-der-weg-zum-professionellen-trainer-fur-mentales-training\/","datePublished":"2026-03-23","dateModified":"2026-03-23","mainEntityOfPage":"https:\/\/www.mikulas.at\/mentaltrainer-ausbildung-wien-der-weg-zum-professionellen-trainer-fur-mentales-training\/","author":{"@type":"Person","@id":"https:\/\/www.mikulas.at\/author\/#Person","name":"","url":"https:\/\/www.mikulas.at\/author\/","identifier":1,"image":{"@type":"ImageObject","@id":"https:\/\/secure.gravatar.com\/avatar\/d693d76da4b3c2905ed32515295d3c5b2b37600a891f276917d3d592948bcc60?s=96&d=mm&r=g","url":"https:\/\/secure.gravatar.com\/avatar\/d693d76da4b3c2905ed32515295d3c5b2b37600a891f276917d3d592948bcc60?s=96&d=mm&r=g","height":96,"width":96}},"publisher":{"@type":"Organization","name":"mikulas.at","logo":{"@type":"ImageObject","@id":"\/logo.png","url":"\/logo.png","width":600,"height":60}},"image":{"@type":"ImageObject","@id":"https:\/\/www.mikulas.at\/wp-content\/uploads\/mental8_BbPq7o.png","url":"https:\/\/www.mikulas.at\/wp-content\/uploads\/mental8_BbPq7o.png","height":0,"width":0},"keywords":null},{"@type":"Article","@id":"https:\/\/www.mikulas.at\/selbstverteidigungskurs-und-survival-training-kompetenz-sicherheit-und-erlebnispadagogik-als-outdoortrainer\/","headline":"Selbstverteidigungskurs und Survival Training \u2013 Kompetenz, Sicherheit und Erlebnisp\u00e4dagogik als Outdoortrainer","url":"https:\/\/www.mikulas.at\/selbstverteidigungskurs-und-survival-training-kompetenz-sicherheit-und-erlebnispadagogik-als-outdoortrainer\/","datePublished":"2026-02-07","dateModified":"2026-02-07","mainEntityOfPage":"https:\/\/www.mikulas.at\/selbstverteidigungskurs-und-survival-training-kompetenz-sicherheit-und-erlebnispadagogik-als-outdoortrainer\/","author":{"@type":"Person","@id":"https:\/\/www.mikulas.at\/author\/#Person","name":"","url":"https:\/\/www.mikulas.at\/author\/","identifier":1,"image":{"@type":"ImageObject","@id":"https:\/\/secure.gravatar.com\/avatar\/d693d76da4b3c2905ed32515295d3c5b2b37600a891f276917d3d592948bcc60?s=96&d=mm&r=g","url":"https:\/\/secure.gravatar.com\/avatar\/d693d76da4b3c2905ed32515295d3c5b2b37600a891f276917d3d592948bcc60?s=96&d=mm&r=g","height":96,"width":96}},"publisher":{"@type":"Organization","name":"mikulas.at","logo":{"@type":"ImageObject","@id":"\/logo.png","url":"\/logo.png","width":600,"height":60}},"image":{"@type":"ImageObject","@id":"https:\/\/www.mikulas.at\/wp-content\/uploads\/survival_O9PEkL.jpg","url":"https:\/\/www.mikulas.at\/wp-content\/uploads\/survival_O9PEkL.jpg","height":0,"width":0},"keywords":null},{"@type":"Article","@id":"https:\/\/www.mikulas.at\/professionelle-masseur-ausbildung-in-osterreich-der-weg-zur-anerkannten-massagekompetenz\/","headline":"Professionelle Masseur Ausbildung in \u00d6sterreich \u2013 Der Weg zur anerkannten Massagekompetenz","url":"https:\/\/www.mikulas.at\/professionelle-masseur-ausbildung-in-osterreich-der-weg-zur-anerkannten-massagekompetenz\/","datePublished":"2026-01-15","dateModified":"2026-01-15","mainEntityOfPage":"https:\/\/www.mikulas.at\/professionelle-masseur-ausbildung-in-osterreich-der-weg-zur-anerkannten-massagekompetenz\/","author":{"@type":"Person","@id":"https:\/\/www.mikulas.at\/author\/#Person","name":"","url":"https:\/\/www.mikulas.at\/author\/","identifier":1,"image":{"@type":"ImageObject","@id":"https:\/\/secure.gravatar.com\/avatar\/d693d76da4b3c2905ed32515295d3c5b2b37600a891f276917d3d592948bcc60?s=96&d=mm&r=g","url":"https:\/\/secure.gravatar.com\/avatar\/d693d76da4b3c2905ed32515295d3c5b2b37600a891f276917d3d592948bcc60?s=96&d=mm&r=g","height":96,"width":96}},"publisher":{"@type":"Organization","name":"mikulas.at","logo":{"@type":"ImageObject","@id":"\/logo.png","url":"\/logo.png","width":600,"height":60}},"image":{"@type":"ImageObject","@id":"https:\/\/www.mikulas.at\/wp-content\/uploads\/masage10_F3KZtp.jpg","url":"https:\/\/www.mikulas.at\/wp-content\/uploads\/masage10_F3KZtp.jpg","height":0,"width":0},"keywords":null},{"@type":"Article","@id":"https:\/\/www.mikulas.at\/mentales-training-fur-mehr-fokus-resilienz-und-innere-starke\/","headline":"Mentales Training f\u00fcr mehr Fokus, Resilienz und innere St\u00e4rke","url":"https:\/\/www.mikulas.at\/mentales-training-fur-mehr-fokus-resilienz-und-innere-starke\/","datePublished":"2025-12-22","dateModified":"2025-12-22","mainEntityOfPage":"https:\/\/www.mikulas.at\/mentales-training-fur-mehr-fokus-resilienz-und-innere-starke\/","author":{"@type":"Person","@id":"https:\/\/www.mikulas.at\/author\/#Person","name":"","url":"https:\/\/www.mikulas.at\/author\/","identifier":1,"image":{"@type":"ImageObject","@id":"https:\/\/secure.gravatar.com\/avatar\/d693d76da4b3c2905ed32515295d3c5b2b37600a891f276917d3d592948bcc60?s=96&d=mm&r=g","url":"https:\/\/secure.gravatar.com\/avatar\/d693d76da4b3c2905ed32515295d3c5b2b37600a891f276917d3d592948bcc60?s=96&d=mm&r=g","height":96,"width":96}},"publisher":{"@type":"Organization","name":"mikulas.at","logo":{"@type":"ImageObject","@id":"\/logo.png","url":"\/logo.png","width":600,"height":60}},"image":{"@type":"ImageObject","@id":"https:\/\/www.mikulas.at\/wp-content\/uploads\/mentales_Na6qFm.jpg","url":"https:\/\/www.mikulas.at\/wp-content\/uploads\/mentales_Na6qFm.jpg","height":0,"width":0},"keywords":null},{"@type":"Article","@id":"https:\/\/www.mikulas.at\/bevorzugte-bucher\/","headline":"Bevorzugte B\u00fccher","url":"https:\/\/www.mikulas.at\/bevorzugte-bucher\/","datePublished":"2024-10-14","dateModified":"2024-10-14","mainEntityOfPage":"https:\/\/www.mikulas.at\/bevorzugte-bucher\/","author":{"@type":"Person","@id":"https:\/\/www.mikulas.at\/author\/#Person","name":"","url":"https:\/\/www.mikulas.at\/author\/","identifier":1,"image":{"@type":"ImageObject","@id":"https:\/\/secure.gravatar.com\/avatar\/d693d76da4b3c2905ed32515295d3c5b2b37600a891f276917d3d592948bcc60?s=96&d=mm&r=g","url":"https:\/\/secure.gravatar.com\/avatar\/d693d76da4b3c2905ed32515295d3c5b2b37600a891f276917d3d592948bcc60?s=96&d=mm&r=g","height":96,"width":96}},"publisher":{"@type":"Organization","name":"mikulas.at","logo":{"@type":"ImageObject","@id":"\/logo.png","url":"\/logo.png","width":600,"height":60}},"image":{"@type":"ImageObject","@id":"https:\/\/www.mikulas.at\/wp-content\/uploads\/books-1246674_1280_1.jpg","url":"https:\/\/www.mikulas.at\/wp-content\/uploads\/books-1246674_1280_1.jpg","height":0,"width":0},"keywords":null},{"@type":"Article","@id":"https:\/\/www.mikulas.at\/schule-und-lernen\/","headline":"Schule und Lernen","url":"https:\/\/www.mikulas.at\/schule-und-lernen\/","datePublished":"2023-07-17","dateModified":"2023-07-17","mainEntityOfPage":"https:\/\/www.mikulas.at\/schule-und-lernen\/","author":{"@type":"Person","@id":"https:\/\/www.mikulas.at\/author\/#Person","name":"","url":"https:\/\/www.mikulas.at\/author\/","identifier":1,"image":{"@type":"ImageObject","@id":"https:\/\/secure.gravatar.com\/avatar\/d693d76da4b3c2905ed32515295d3c5b2b37600a891f276917d3d592948bcc60?s=96&d=mm&r=g","url":"https:\/\/secure.gravatar.com\/avatar\/d693d76da4b3c2905ed32515295d3c5b2b37600a891f276917d3d592948bcc60?s=96&d=mm&r=g","height":96,"width":96}},"publisher":{"@type":"Organization","name":"mikulas.at","logo":{"@type":"ImageObject","@id":"\/logo.png","url":"\/logo.png","width":600,"height":60}},"image":{"@type":"ImageObject","@id":"https:\/\/www.mikulas.at\/wp-content\/uploads\/book-1771073_960_720.jpg","url":"https:\/\/www.mikulas.at\/wp-content\/uploads\/book-1771073_960_720.jpg","height":0,"width":0},"keywords":null},{"@type":"Article","@id":"https:\/\/www.mikulas.at\/von-der-high-school-zur-universitat\/","headline":"Von der High School zur Universit\u00e4t","url":"https:\/\/www.mikulas.at\/von-der-high-school-zur-universitat\/","datePublished":"2023-02-15","dateModified":"2023-02-15","mainEntityOfPage":"https:\/\/www.mikulas.at\/von-der-high-school-zur-universitat\/","author":{"@type":"Person","@id":"https:\/\/www.mikulas.at\/author\/#Person","name":"","url":"https:\/\/www.mikulas.at\/author\/","identifier":1,"image":{"@type":"ImageObject","@id":"https:\/\/secure.gravatar.com\/avatar\/d693d76da4b3c2905ed32515295d3c5b2b37600a891f276917d3d592948bcc60?s=96&d=mm&r=g","url":"https:\/\/secure.gravatar.com\/avatar\/d693d76da4b3c2905ed32515295d3c5b2b37600a891f276917d3d592948bcc60?s=96&d=mm&r=g","height":96,"width":96}},"publisher":{"@type":"Organization","name":"mikulas.at","logo":{"@type":"ImageObject","@id":"\/logo.png","url":"\/logo.png","width":600,"height":60}},"image":{"@type":"ImageObject","@id":"https:\/\/www.mikulas.at\/wp-content\/uploads\/books-3446451_960_720_2.jpg","url":"https:\/\/www.mikulas.at\/wp-content\/uploads\/books-3446451_960_720_2.jpg","height":0,"width":0},"keywords":null},{"@type":"Article","@id":"https:\/\/www.mikulas.at\/geradlinige-bildung\/","headline":"Geradlinige Bildung","url":"https:\/\/www.mikulas.at\/geradlinige-bildung\/","datePublished":"2022-09-05","dateModified":"2022-09-05","mainEntityOfPage":"https:\/\/www.mikulas.at\/geradlinige-bildung\/","author":{"@type":"Person","@id":"https:\/\/www.mikulas.at\/author\/#Person","name":"","url":"https:\/\/www.mikulas.at\/author\/","identifier":1,"image":{"@type":"ImageObject","@id":"https:\/\/secure.gravatar.com\/avatar\/d693d76da4b3c2905ed32515295d3c5b2b37600a891f276917d3d592948bcc60?s=96&d=mm&r=g","url":"https:\/\/secure.gravatar.com\/avatar\/d693d76da4b3c2905ed32515295d3c5b2b37600a891f276917d3d592948bcc60?s=96&d=mm&r=g","height":96,"width":96}},"publisher":{"@type":"Organization","name":"mikulas.at","logo":{"@type":"ImageObject","@id":"\/logo.png","url":"\/logo.png","width":600,"height":60}},"image":{"@type":"ImageObject","@id":"https:\/\/www.mikulas.at\/wp-content\/uploads\/education-6948171_1280.jpg","url":"https:\/\/www.mikulas.at\/wp-content\/uploads\/education-6948171_1280.jpg","height":0,"width":0},"keywords":null},{"@type":"Article","@id":"https:\/\/www.mikulas.at\/uceni-und-zkoucky-und-poslednichvili-jak-und-nejrychleji-machen-hlavy-potcebne-informationen\/","headline":"U\u010den\u00ed und zkou\u010dky und posledn\u00edchv\u00edli-Jak und nejrychleji machen hlavy pot\u010debn\u00e9 Informationen.","url":"https:\/\/www.mikulas.at\/uceni-und-zkoucky-und-poslednichvili-jak-und-nejrychleji-machen-hlavy-potcebne-informationen\/","datePublished":"2022-05-23","dateModified":"2022-05-23","mainEntityOfPage":"https:\/\/www.mikulas.at\/uceni-und-zkoucky-und-poslednichvili-jak-und-nejrychleji-machen-hlavy-potcebne-informationen\/","author":{"@type":"Person","@id":"https:\/\/www.mikulas.at\/author\/#Person","name":"","url":"https:\/\/www.mikulas.at\/author\/","identifier":1,"image":{"@type":"ImageObject","@id":"https:\/\/secure.gravatar.com\/avatar\/d693d76da4b3c2905ed32515295d3c5b2b37600a891f276917d3d592948bcc60?s=96&d=mm&r=g","url":"https:\/\/secure.gravatar.com\/avatar\/d693d76da4b3c2905ed32515295d3c5b2b37600a891f276917d3d592948bcc60?s=96&d=mm&r=g","height":96,"width":96}},"publisher":{"@type":"Organization","name":"mikulas.at","logo":{"@type":"ImageObject","@id":"\/logo.png","url":"\/logo.png","width":600,"height":60}},"image":{"@type":"ImageObject","@id":"https:\/\/www.mikulas.at\/wp-content\/uploads\/alone-1869997_640.jpg","url":"https:\/\/www.mikulas.at\/wp-content\/uploads\/alone-1869997_640.jpg","height":0,"width":0},"keywords":null}]}